{"id":4341,"date":"2022-03-15T17:50:44","date_gmt":"2022-03-15T16:50:44","guid":{"rendered":"https:\/\/www.fondation-centralesupelec.fr\/uncategorized\/back-to-start-up-week-2022\/"},"modified":"2022-07-01T10:01:21","modified_gmt":"2022-07-01T08:01:21","slug":"back-to-start-up-week-2022","status":"publish","type":"post","link":"https:\/\/www.fondation-centralesupelec.fr\/en\/entrepreneurship\/back-to-start-up-week-2022\/","title":{"rendered":"A look back at the 2022 Start Up Week"},"content":{"rendered":"\t\t<div data-elementor-type=\"wp-post\" data-elementor-id=\"4341\" class=\"elementor elementor-4341 elementor-2584\" data-elementor-post-type=\"post\">\n\t\t\t\t\t\t<section class=\"elementor-section elementor-top-section elementor-element elementor-element-265f9501 elementor-section-boxed elementor-section-height-default elementor-section-height-default\" data-id=\"265f9501\" data-element_type=\"section\" data-e-type=\"section\">\n\t\t\t\t\t\t<div class=\"elementor-container elementor-column-gap-default\">\n\t\t\t\t\t<div class=\"elementor-column elementor-col-100 elementor-top-column elementor-element elementor-element-4478253c\" data-id=\"4478253c\" data-element_type=\"column\" data-e-type=\"column\">\n\t\t\t<div class=\"elementor-widget-wrap elementor-element-populated\">\n\t\t\t\t\t\t<div class=\"elementor-element elementor-element-60009a2f elementor-widget elementor-widget-text-editor\" data-id=\"60009a2f\" data-element_type=\"widget\" data-e-type=\"widget\" data-widget_type=\"text-editor.default\">\n\t\t\t\t<div class=\"elementor-widget-container\">\n\t\t\t\t\t\t\t\t\t<p><strong>Last February, as they do every year, all first-year engineering students took part in&nbsp; Start Up Week,&nbsp; a full week dedicated to the&nbsp; discovery of business creation, organized with the support of the CentraleSup\u00e9lec Foundation.<\/strong><\/p>\n<h3>890 students for this 2022 edition<\/h3>\n<p>For 5 days, divided into small groups and accompanied by professional coaches, all students must adopt a true entrepreneurial posture to find a solution to a concrete problem and lay the foundations of their future startup: product, market, growth, resources &#8230;<br>\n\u200d<br>\nAnd even though only a handful of them may start a business later, this week is very formative, personally and professionally, no matter what career choices they make.<br>\n\u200d<br>\nMade up of inspiring events for students, Startup Week is an event to be missed at CentraleSup\u00e9lec. This year, two partners joined the school: OnePoint and Vestiaire Collective.<\/p>\n<p>Also this year, Romain Marmot, Pierre Leurent and Etienne Vial, all CentraleSup\u00e9lec graduates and co-founders of <a href=\"https:\/\/www.voluntis.com\/\" target=\"_blank\" rel=\"noopener\">Voluntis<\/a>, the first company incubated at the School in 2001, spoke about their entrepreneurial journey.<\/p>\n<blockquote><p>&#8220;The goal is not to create a startup at any cost, but to become aware of all facets of initiative, creation and innovation.&#8221;<\/p><\/blockquote>\n<p><iframe title=\"Startup Week : la d\u00e9couverte de l&#039;entreprenariat par les \u00e9l\u00e8ves-ing\u00e9nieurs\" width=\"800\" height=\"450\" src=\"https:\/\/www.youtube.com\/embed\/Fzs7XRd4uYg?start=1&feature=oembed\" frameborder=\"0\" allow=\"accelerometer; autoplay; clipboard-write; encrypted-media; gyroscope; picture-in-picture\" allowfullscreen><\/iframe><\/p>\n<h3>Many award-winning companies<\/h3>\n<p>What better way to get inspired than to follow the example of your peers? &nbsp;Start Up Week was the occasion for the&nbsp; CentraleSup\u00e9lec Foundation&nbsp; to award <a href=\"https:\/\/www.fondation-centralesupelec.fr\/entrepreneuriat\/ceremonie-de-remise-des-bourses-de-soutien-a-la-creation-dentreprise\/\">5 grants to support the creation of new businesses<\/a>to promising student projects.<\/p>\n<p>For the third consecutive year,&nbsp; Yvon Gattaz, founder of Radiall and CentraleSup\u00e9lec alumnus, also presented the Yvon Gattaz&nbsp; &#8220;Start is good, up is better&#8221;&nbsp; award, dedicated to mid-sized companies.&nbsp; This year, Damian Py (CentraleSup\u00e9lec 2017), founder of&nbsp;<a href=\"https:\/\/daan.tech\/fr\/\" target=\"_blank\" rel=\"noopener\">Daan Tech<\/a>&nbsp;, which designed the BOB mini dishwasher,&nbsp; 100% made in France, won the award.<br>\n\u200d<br>\nFinally, at the end of this rich week, 4 student projects were awarded by the jury, in the categories &#8221;&nbsp;Jury and Student Prize&nbsp;&#8220;, &#8221;&nbsp;Genius Student Association Prize&nbsp;&#8220;, &#8221;&nbsp;Impact Prize&nbsp;&#8221; and &#8221;&nbsp;Audacity Prize&nbsp;&#8220;.<\/p>\t\t\t\t\t\t\t\t<\/div>\n\t\t\t\t<\/div>\n\t\t\t\t\t<\/div>\n\t\t<\/div>\n\t\t\t\t\t<\/div>\n\t\t<\/section>\n\t\t\t\t<\/div>\n\t\t","protected":false},"excerpt":{"rendered":"<p>All first-year engineering students participated in Start Up Week: a full week dedicated to discovering business creation<\/p>\n","protected":false},"author":3,"featured_media":3911,"comment_status":"closed","ping_status":"open","sticky":false,"template":"","format":"standard","meta":{"_acf_changed":false,"footnotes":""},"categories":[39],"tags":[44],"class_list":["post-4341","post","type-post","status-publish","format-standard","has-post-thumbnail","hentry","category-entrepreneurship","tag-home-en"],"acf":[],"yoast_head":"<!-- This site is optimized with the Yoast SEO plugin v27.3 - https:\/\/yoast.com\/product\/yoast-seo-wordpress\/ -->\n<title>A look back at the 2022 Start Up Week - Fondation CentraleSup\u00e9lec<\/title>\n<meta name=\"description\" content=\"Last February, as every year, all the first-year engineering students took part in Start Up Week: a week-long event in which they ...\" \/>\n<meta name=\"robots\" content=\"index, follow, max-snippet:-1, max-image-preview:large, max-video-preview:-1\" \/>\n<link rel=\"canonical\" href=\"https:\/\/www.fondation-centralesupelec.fr\/en\/entrepreneurship\/back-to-start-up-week-2022\/\" \/>\n<meta property=\"og:locale\" content=\"en_US\" \/>\n<meta property=\"og:type\" content=\"article\" \/>\n<meta property=\"og:title\" content=\"A look back at the 2022 Start Up Week - Fondation CentraleSup\u00e9lec\" \/>\n<meta property=\"og:description\" content=\"Last February, as every year, all the first-year engineering students took part in Start Up Week: a week-long event in which they ...\" \/>\n<meta property=\"og:url\" content=\"https:\/\/www.fondation-centralesupelec.fr\/en\/entrepreneurship\/back-to-start-up-week-2022\/\" \/>\n<meta property=\"og:site_name\" content=\"Fondation CentraleSup\u00e9lec\" \/>\n<meta property=\"article:published_time\" content=\"2022-03-15T16:50:44+00:00\" \/>\n<meta property=\"article:modified_time\" content=\"2022-07-01T08:01:21+00:00\" \/>\n<meta property=\"og:image\" content=\"https:\/\/www.fondation-centralesupelec.fr\/wp-content\/uploads\/2022\/04\/actu-start-up-week-1.jpg\" \/>\n\t<meta property=\"og:image:width\" content=\"1440\" \/>\n\t<meta property=\"og:image:height\" content=\"761\" \/>\n\t<meta property=\"og:image:type\" content=\"image\/jpeg\" \/>\n<meta name=\"author\" content=\"ludo-admin\" \/>\n<meta name=\"twitter:card\" content=\"summary_large_image\" \/>\n<meta name=\"twitter:label1\" content=\"Written by\" \/>\n\t<meta name=\"twitter:data1\" content=\"ludo-admin\" \/>\n\t<meta name=\"twitter:label2\" content=\"Est. reading time\" \/>\n\t<meta name=\"twitter:data2\" content=\"2 minutes\" \/>\n<script type=\"application\/ld+json\" class=\"yoast-schema-graph\">{\"@context\":\"https:\\\/\\\/schema.org\",\"@graph\":[{\"@type\":\"Article\",\"@id\":\"https:\\\/\\\/www.fondation-centralesupelec.fr\\\/en\\\/entrepreneurship\\\/back-to-start-up-week-2022\\\/#article\",\"isPartOf\":{\"@id\":\"https:\\\/\\\/www.fondation-centralesupelec.fr\\\/en\\\/entrepreneurship\\\/back-to-start-up-week-2022\\\/\"},\"author\":{\"name\":\"ludo-admin\",\"@id\":\"https:\\\/\\\/www.fondation-centralesupelec.fr\\\/#\\\/schema\\\/person\\\/fd8cef7b1eb42438032b182280cd0358\"},\"headline\":\"A look back at the 2022 Start Up Week\",\"datePublished\":\"2022-03-15T16:50:44+00:00\",\"dateModified\":\"2022-07-01T08:01:21+00:00\",\"mainEntityOfPage\":{\"@id\":\"https:\\\/\\\/www.fondation-centralesupelec.fr\\\/en\\\/entrepreneurship\\\/back-to-start-up-week-2022\\\/\"},\"wordCount\":355,\"publisher\":{\"@id\":\"https:\\\/\\\/www.fondation-centralesupelec.fr\\\/#organization\"},\"image\":{\"@id\":\"https:\\\/\\\/www.fondation-centralesupelec.fr\\\/en\\\/entrepreneurship\\\/back-to-start-up-week-2022\\\/#primaryimage\"},\"thumbnailUrl\":\"https:\\\/\\\/www.fondation-centralesupelec.fr\\\/wp-content\\\/uploads\\\/2022\\\/04\\\/actu-start-up-week-1.jpg\",\"keywords\":[\"home\"],\"articleSection\":[\"Entrepreneurship\"],\"inLanguage\":\"en-US\"},{\"@type\":\"WebPage\",\"@id\":\"https:\\\/\\\/www.fondation-centralesupelec.fr\\\/en\\\/entrepreneurship\\\/back-to-start-up-week-2022\\\/\",\"url\":\"https:\\\/\\\/www.fondation-centralesupelec.fr\\\/en\\\/entrepreneurship\\\/back-to-start-up-week-2022\\\/\",\"name\":\"A look back at the 2022 Start Up Week - Fondation CentraleSup\u00e9lec\",\"isPartOf\":{\"@id\":\"https:\\\/\\\/www.fondation-centralesupelec.fr\\\/#website\"},\"primaryImageOfPage\":{\"@id\":\"https:\\\/\\\/www.fondation-centralesupelec.fr\\\/en\\\/entrepreneurship\\\/back-to-start-up-week-2022\\\/#primaryimage\"},\"image\":{\"@id\":\"https:\\\/\\\/www.fondation-centralesupelec.fr\\\/en\\\/entrepreneurship\\\/back-to-start-up-week-2022\\\/#primaryimage\"},\"thumbnailUrl\":\"https:\\\/\\\/www.fondation-centralesupelec.fr\\\/wp-content\\\/uploads\\\/2022\\\/04\\\/actu-start-up-week-1.jpg\",\"datePublished\":\"2022-03-15T16:50:44+00:00\",\"dateModified\":\"2022-07-01T08:01:21+00:00\",\"description\":\"Last February, as every year, all the first-year engineering students took part in Start Up Week: a week-long event in which they ...\",\"breadcrumb\":{\"@id\":\"https:\\\/\\\/www.fondation-centralesupelec.fr\\\/en\\\/entrepreneurship\\\/back-to-start-up-week-2022\\\/#breadcrumb\"},\"inLanguage\":\"en-US\",\"potentialAction\":[{\"@type\":\"ReadAction\",\"target\":[\"https:\\\/\\\/www.fondation-centralesupelec.fr\\\/en\\\/entrepreneurship\\\/back-to-start-up-week-2022\\\/\"]}]},{\"@type\":\"ImageObject\",\"inLanguage\":\"en-US\",\"@id\":\"https:\\\/\\\/www.fondation-centralesupelec.fr\\\/en\\\/entrepreneurship\\\/back-to-start-up-week-2022\\\/#primaryimage\",\"url\":\"https:\\\/\\\/www.fondation-centralesupelec.fr\\\/wp-content\\\/uploads\\\/2022\\\/04\\\/actu-start-up-week-1.jpg\",\"contentUrl\":\"https:\\\/\\\/www.fondation-centralesupelec.fr\\\/wp-content\\\/uploads\\\/2022\\\/04\\\/actu-start-up-week-1.jpg\",\"width\":1440,\"height\":761},{\"@type\":\"BreadcrumbList\",\"@id\":\"https:\\\/\\\/www.fondation-centralesupelec.fr\\\/en\\\/entrepreneurship\\\/back-to-start-up-week-2022\\\/#breadcrumb\",\"itemListElement\":[{\"@type\":\"ListItem\",\"position\":1,\"name\":\"Accueil\",\"item\":\"https:\\\/\\\/www.fondation-centralesupelec.fr\\\/en\\\/\"},{\"@type\":\"ListItem\",\"position\":2,\"name\":\"A look back at the 2022 Start Up Week\"}]},{\"@type\":\"WebSite\",\"@id\":\"https:\\\/\\\/www.fondation-centralesupelec.fr\\\/#website\",\"url\":\"https:\\\/\\\/www.fondation-centralesupelec.fr\\\/\",\"name\":\"Fondation CentraleSup\u00e9lec\",\"description\":\"\",\"publisher\":{\"@id\":\"https:\\\/\\\/www.fondation-centralesupelec.fr\\\/#organization\"},\"potentialAction\":[{\"@type\":\"SearchAction\",\"target\":{\"@type\":\"EntryPoint\",\"urlTemplate\":\"https:\\\/\\\/www.fondation-centralesupelec.fr\\\/?s={search_term_string}\"},\"query-input\":{\"@type\":\"PropertyValueSpecification\",\"valueRequired\":true,\"valueName\":\"search_term_string\"}}],\"inLanguage\":\"en-US\"},{\"@type\":\"Organization\",\"@id\":\"https:\\\/\\\/www.fondation-centralesupelec.fr\\\/#organization\",\"name\":\"Fondation CentraleSup\u00e9lec\",\"url\":\"https:\\\/\\\/www.fondation-centralesupelec.fr\\\/\",\"logo\":{\"@type\":\"ImageObject\",\"inLanguage\":\"en-US\",\"@id\":\"https:\\\/\\\/www.fondation-centralesupelec.fr\\\/#\\\/schema\\\/logo\\\/image\\\/\",\"url\":\"https:\\\/\\\/www.fondation-centralesupelec.fr\\\/wp-content\\\/uploads\\\/2022\\\/02\\\/logo-fondation-centraleSupelec.png\",\"contentUrl\":\"https:\\\/\\\/www.fondation-centralesupelec.fr\\\/wp-content\\\/uploads\\\/2022\\\/02\\\/logo-fondation-centraleSupelec.png\",\"width\":194,\"height\":194,\"caption\":\"Fondation CentraleSup\u00e9lec\"},\"image\":{\"@id\":\"https:\\\/\\\/www.fondation-centralesupelec.fr\\\/#\\\/schema\\\/logo\\\/image\\\/\"}},{\"@type\":\"Person\",\"@id\":\"https:\\\/\\\/www.fondation-centralesupelec.fr\\\/#\\\/schema\\\/person\\\/fd8cef7b1eb42438032b182280cd0358\",\"name\":\"ludo-admin\",\"image\":{\"@type\":\"ImageObject\",\"inLanguage\":\"en-US\",\"@id\":\"https:\\\/\\\/secure.gravatar.com\\\/avatar\\\/e4d91e7745711cbb18ad6f2df87f5d6b18b95307c46f8ba8314adda2aedce004?s=96&d=mm&r=g\",\"url\":\"https:\\\/\\\/secure.gravatar.com\\\/avatar\\\/e4d91e7745711cbb18ad6f2df87f5d6b18b95307c46f8ba8314adda2aedce004?s=96&d=mm&r=g\",\"contentUrl\":\"https:\\\/\\\/secure.gravatar.com\\\/avatar\\\/e4d91e7745711cbb18ad6f2df87f5d6b18b95307c46f8ba8314adda2aedce004?s=96&d=mm&r=g\",\"caption\":\"ludo-admin\"},\"url\":\"https:\\\/\\\/www.fondation-centralesupelec.fr\\\/en\\\/author\\\/ludo-admin\\\/\"}]}<\/script>\n<!-- \/ Yoast SEO plugin. -->","yoast_head_json":{"title":"A look back at the 2022 Start Up Week - Fondation CentraleSup\u00e9lec","description":"Last February, as every year, all the first-year engineering students took part in Start Up Week: a week-long event in which they ...","robots":{"index":"index","follow":"follow","max-snippet":"max-snippet:-1","max-image-preview":"max-image-preview:large","max-video-preview":"max-video-preview:-1"},"canonical":"https:\/\/www.fondation-centralesupelec.fr\/en\/entrepreneurship\/back-to-start-up-week-2022\/","og_locale":"en_US","og_type":"article","og_title":"A look back at the 2022 Start Up Week - Fondation CentraleSup\u00e9lec","og_description":"Last February, as every year, all the first-year engineering students took part in Start Up Week: a week-long event in which they ...","og_url":"https:\/\/www.fondation-centralesupelec.fr\/en\/entrepreneurship\/back-to-start-up-week-2022\/","og_site_name":"Fondation CentraleSup\u00e9lec","article_published_time":"2022-03-15T16:50:44+00:00","article_modified_time":"2022-07-01T08:01:21+00:00","og_image":[{"width":1440,"height":761,"url":"https:\/\/www.fondation-centralesupelec.fr\/wp-content\/uploads\/2022\/04\/actu-start-up-week-1.jpg","type":"image\/jpeg"}],"author":"ludo-admin","twitter_card":"summary_large_image","twitter_misc":{"Written by":"ludo-admin","Est. reading time":"2 minutes"},"schema":{"@context":"https:\/\/schema.org","@graph":[{"@type":"Article","@id":"https:\/\/www.fondation-centralesupelec.fr\/en\/entrepreneurship\/back-to-start-up-week-2022\/#article","isPartOf":{"@id":"https:\/\/www.fondation-centralesupelec.fr\/en\/entrepreneurship\/back-to-start-up-week-2022\/"},"author":{"name":"ludo-admin","@id":"https:\/\/www.fondation-centralesupelec.fr\/#\/schema\/person\/fd8cef7b1eb42438032b182280cd0358"},"headline":"A look back at the 2022 Start Up Week","datePublished":"2022-03-15T16:50:44+00:00","dateModified":"2022-07-01T08:01:21+00:00","mainEntityOfPage":{"@id":"https:\/\/www.fondation-centralesupelec.fr\/en\/entrepreneurship\/back-to-start-up-week-2022\/"},"wordCount":355,"publisher":{"@id":"https:\/\/www.fondation-centralesupelec.fr\/#organization"},"image":{"@id":"https:\/\/www.fondation-centralesupelec.fr\/en\/entrepreneurship\/back-to-start-up-week-2022\/#primaryimage"},"thumbnailUrl":"https:\/\/www.fondation-centralesupelec.fr\/wp-content\/uploads\/2022\/04\/actu-start-up-week-1.jpg","keywords":["home"],"articleSection":["Entrepreneurship"],"inLanguage":"en-US"},{"@type":"WebPage","@id":"https:\/\/www.fondation-centralesupelec.fr\/en\/entrepreneurship\/back-to-start-up-week-2022\/","url":"https:\/\/www.fondation-centralesupelec.fr\/en\/entrepreneurship\/back-to-start-up-week-2022\/","name":"A look back at the 2022 Start Up Week - Fondation CentraleSup\u00e9lec","isPartOf":{"@id":"https:\/\/www.fondation-centralesupelec.fr\/#website"},"primaryImageOfPage":{"@id":"https:\/\/www.fondation-centralesupelec.fr\/en\/entrepreneurship\/back-to-start-up-week-2022\/#primaryimage"},"image":{"@id":"https:\/\/www.fondation-centralesupelec.fr\/en\/entrepreneurship\/back-to-start-up-week-2022\/#primaryimage"},"thumbnailUrl":"https:\/\/www.fondation-centralesupelec.fr\/wp-content\/uploads\/2022\/04\/actu-start-up-week-1.jpg","datePublished":"2022-03-15T16:50:44+00:00","dateModified":"2022-07-01T08:01:21+00:00","description":"Last February, as every year, all the first-year engineering students took part in Start Up Week: a week-long event in which they ...","breadcrumb":{"@id":"https:\/\/www.fondation-centralesupelec.fr\/en\/entrepreneurship\/back-to-start-up-week-2022\/#breadcrumb"},"inLanguage":"en-US","potentialAction":[{"@type":"ReadAction","target":["https:\/\/www.fondation-centralesupelec.fr\/en\/entrepreneurship\/back-to-start-up-week-2022\/"]}]},{"@type":"ImageObject","inLanguage":"en-US","@id":"https:\/\/www.fondation-centralesupelec.fr\/en\/entrepreneurship\/back-to-start-up-week-2022\/#primaryimage","url":"https:\/\/www.fondation-centralesupelec.fr\/wp-content\/uploads\/2022\/04\/actu-start-up-week-1.jpg","contentUrl":"https:\/\/www.fondation-centralesupelec.fr\/wp-content\/uploads\/2022\/04\/actu-start-up-week-1.jpg","width":1440,"height":761},{"@type":"BreadcrumbList","@id":"https:\/\/www.fondation-centralesupelec.fr\/en\/entrepreneurship\/back-to-start-up-week-2022\/#breadcrumb","itemListElement":[{"@type":"ListItem","position":1,"name":"Accueil","item":"https:\/\/www.fondation-centralesupelec.fr\/en\/"},{"@type":"ListItem","position":2,"name":"A look back at the 2022 Start Up Week"}]},{"@type":"WebSite","@id":"https:\/\/www.fondation-centralesupelec.fr\/#website","url":"https:\/\/www.fondation-centralesupelec.fr\/","name":"Fondation CentraleSup\u00e9lec","description":"","publisher":{"@id":"https:\/\/www.fondation-centralesupelec.fr\/#organization"},"potentialAction":[{"@type":"SearchAction","target":{"@type":"EntryPoint","urlTemplate":"https:\/\/www.fondation-centralesupelec.fr\/?s={search_term_string}"},"query-input":{"@type":"PropertyValueSpecification","valueRequired":true,"valueName":"search_term_string"}}],"inLanguage":"en-US"},{"@type":"Organization","@id":"https:\/\/www.fondation-centralesupelec.fr\/#organization","name":"Fondation CentraleSup\u00e9lec","url":"https:\/\/www.fondation-centralesupelec.fr\/","logo":{"@type":"ImageObject","inLanguage":"en-US","@id":"https:\/\/www.fondation-centralesupelec.fr\/#\/schema\/logo\/image\/","url":"https:\/\/www.fondation-centralesupelec.fr\/wp-content\/uploads\/2022\/02\/logo-fondation-centraleSupelec.png","contentUrl":"https:\/\/www.fondation-centralesupelec.fr\/wp-content\/uploads\/2022\/02\/logo-fondation-centraleSupelec.png","width":194,"height":194,"caption":"Fondation CentraleSup\u00e9lec"},"image":{"@id":"https:\/\/www.fondation-centralesupelec.fr\/#\/schema\/logo\/image\/"}},{"@type":"Person","@id":"https:\/\/www.fondation-centralesupelec.fr\/#\/schema\/person\/fd8cef7b1eb42438032b182280cd0358","name":"ludo-admin","image":{"@type":"ImageObject","inLanguage":"en-US","@id":"https:\/\/secure.gravatar.com\/avatar\/e4d91e7745711cbb18ad6f2df87f5d6b18b95307c46f8ba8314adda2aedce004?s=96&d=mm&r=g","url":"https:\/\/secure.gravatar.com\/avatar\/e4d91e7745711cbb18ad6f2df87f5d6b18b95307c46f8ba8314adda2aedce004?s=96&d=mm&r=g","contentUrl":"https:\/\/secure.gravatar.com\/avatar\/e4d91e7745711cbb18ad6f2df87f5d6b18b95307c46f8ba8314adda2aedce004?s=96&d=mm&r=g","caption":"ludo-admin"},"url":"https:\/\/www.fondation-centralesupelec.fr\/en\/author\/ludo-admin\/"}]}},"_links":{"self":[{"href":"https:\/\/www.fondation-centralesupelec.fr\/en\/wp-json\/wp\/v2\/posts\/4341","targetHints":{"allow":["GET"]}}],"collection":[{"href":"https:\/\/www.fondation-centralesupelec.fr\/en\/wp-json\/wp\/v2\/posts"}],"about":[{"href":"https:\/\/www.fondation-centralesupelec.fr\/en\/wp-json\/wp\/v2\/types\/post"}],"author":[{"embeddable":true,"href":"https:\/\/www.fondation-centralesupelec.fr\/en\/wp-json\/wp\/v2\/users\/3"}],"replies":[{"embeddable":true,"href":"https:\/\/www.fondation-centralesupelec.fr\/en\/wp-json\/wp\/v2\/comments?post=4341"}],"version-history":[{"count":3,"href":"https:\/\/www.fondation-centralesupelec.fr\/en\/wp-json\/wp\/v2\/posts\/4341\/revisions"}],"predecessor-version":[{"id":4344,"href":"https:\/\/www.fondation-centralesupelec.fr\/en\/wp-json\/wp\/v2\/posts\/4341\/revisions\/4344"}],"wp:featuredmedia":[{"embeddable":true,"href":"https:\/\/www.fondation-centralesupelec.fr\/en\/wp-json\/wp\/v2\/media\/3911"}],"wp:attachment":[{"href":"https:\/\/www.fondation-centralesupelec.fr\/en\/wp-json\/wp\/v2\/media?parent=4341"}],"wp:term":[{"taxonomy":"category","embeddable":true,"href":"https:\/\/www.fondation-centralesupelec.fr\/en\/wp-json\/wp\/v2\/categories?post=4341"},{"taxonomy":"post_tag","embeddable":true,"href":"https:\/\/www.fondation-centralesupelec.fr\/en\/wp-json\/wp\/v2\/tags?post=4341"}],"curies":[{"name":"wp","href":"https:\/\/api.w.org\/{rel}","templated":true}]}}